{"id":55353,"date":"2026-01-22T13:08:11","date_gmt":"2026-01-22T18:08:11","guid":{"rendered":"https:\/\/ehrc.ca\/?p=55353"},"modified":"2026-03-02T16:39:16","modified_gmt":"2026-03-02T21:39:16","slug":"le-rhiec-annonce-les-finalistes-des-prix-dexcellence","status":"publish","type":"post","link":"https:\/\/ehrc.ca\/fr\/le-rhiec-annonce-les-finalistes-des-prix-dexcellence\/","title":{"rendered":"Le RHIEC annonce les finalistes des Prix d\u2019excellence"},"content":{"rendered":"<p>Les finalistes sont reconnu\u00b7e\u00b7s pour leur leadership exceptionnel, leur innovation et leur impact sur la main-d\u2019\u0153uvre du secteur de l\u2019\u00e9lectricit\u00e9 au Canada.<\/p>\n<p><strong>22\u00a0janvier 2026 | Ottawa, ON<\/strong> \u2013 Ressources humaines, industrie \u00e9lectrique du Canada (RHIEC) est fi\u00e8re d\u2019annoncer les finalistes des <strong>Prix d\u2019excellence 2025<\/strong>, qui rendent hommage aux personnes et aux entreprises dont les r\u00e9alisations fa\u00e7onnent une main-d\u2019\u0153uvre hautement qualifi\u00e9e, inclusive et tourn\u00e9e vers l\u2019avenir dans le secteur de l\u2019\u00e9lectricit\u00e9.<\/p>\n<p>Ces prix r\u00e9compensent l\u2019excellence dans les domaines du leadership, de l\u2019innovation en mati\u00e8re de ressources humaines, de la diversit\u00e9 et de l\u2019inclusion, ainsi que de la culture du lieu de travail. Les finalistes seront c\u00e9l\u00e9br\u00e9\u00b7e\u00b7s et les laur\u00e9at\u00b7e\u00b7s annonc\u00e9\u00b7e\u00b7s lors de la <a href=\"https:\/\/site.pheedloop.com\/event\/ehrcawards2026\/\"><strong>13<sup>e<\/sup>\u00a0c\u00e9r\u00e9monie annuelle de remise des Prix d\u2019excellence de RHIEC<\/strong>,<\/a> le <strong>19\u00a0f\u00e9vrier 2026<\/strong>, \u00e0 Toronto (Ontario).<\/p>\n<p>La laur\u00e9ate du <strong>prix de leader de l\u2019ann\u00e9e<\/strong>, Josie Erzetic, pr\u00e9sidente et cheffe de la direction d\u2019Electrical Safety Authority, a \u00e9t\u00e9 <a href=\"https:\/\/ehrc.ca\/fr\/josie-erzetic-de-lelectrical-safety-authority-nommee-leader-de-lannee-2025-par-rhiec\/\">annonc\u00e9e le 17\u00a0d\u00e9cembre 2025<\/a>.<\/p>\n<h3>Finalistes des prix<\/h3>\n<h4>Leader \u00e9mergent\u00b7e de l\u2019ann\u00e9e<\/h4>\n<p><strong><em>Parrain\u00e9 par Toronto Hydro<\/em><\/strong><\/p>\n<p>Ce prix r\u00e9compense une personne en d\u00e9but de carri\u00e8re qui fait d\u00e9j\u00e0 preuve d\u2019un talent exceptionnel, d\u2019un potentiel de leadership et d\u2019une contribution significative \u00e0 son organisation et au secteur dans son ensemble.<\/p>\n<p><strong>Finalistes\u00a0:<\/strong><\/p>\n<ul>\n<li>Jordan Clare, directeur de la strat\u00e9gie d\u2019entreprise et de la mise en \u0153uvre, Solar YYC Inc.<\/li>\n<li>Jessica Linthorne, pr\u00e9sidente et cheffe de la direction, Nuclear Innovation Institute<\/li>\n<li>Daniel Spadafora, responsable des op\u00e9rations des RH, Bruce Power<\/li>\n<\/ul>\n<h4>Excellence en mati\u00e8re d\u2019innovation dans les ressources humaines<\/h4>\n<p><strong><em>Parrain\u00e9 par Burlington\u00a0Hydro<\/em><\/strong><\/p>\n<p>Ce prix honore les personnes ou les organisations qui ont mis en place des pratiques, des programmes ou des outils de RH avant-gardistes qui favorisent l\u2019efficacit\u00e9 organisationnelle, le d\u00e9veloppement de la main-d\u2019\u0153uvre ou l\u2019exp\u00e9rience du personnel dans l\u2019ensemble du secteur de l\u2019\u00e9lectricit\u00e9.<\/p>\n<p><strong>Finalistes\u00a0:<\/strong><\/p>\n<ul>\n<li>Bruce Power <em>(entreprise)<\/em><\/li>\n<li>Ontario Power Generation (<em>entreprise<\/em>)<\/li>\n<li>Solar YYC Inc. <em>(entreprise)<\/em><\/li>\n<li>Valard Construction LP <em>(entreprise)<\/em><\/li>\n<\/ul>\n<h4>Excellence en mati\u00e8re d\u2019\u00e9quit\u00e9, de diversit\u00e9 et d\u2019inclusion<\/h4>\n<p>Ce prix r\u00e9compense les efforts exceptionnels d\u00e9ploy\u00e9s pour cr\u00e9er des lieux de travail plus diversifi\u00e9s, plus \u00e9quitables et plus inclusifs, en supprimant les obstacles et en favorisant des environnements o\u00f9 l\u2019ensemble du personnel du personnel peut s\u2019\u00e9panouir.<\/p>\n<p><strong>Finalistes de grandes organisations\u00a0:<\/strong><\/p>\n<ul>\n<li>Amanda McClafferty, Newfoundland &amp; Labrador Hydro <em>(personne)<\/em><\/li>\n<li>\u00c9quipe de gestion des talents, Bruce Power <em>(\u00e9quipe)<\/em><\/li>\n<li>Valard Construction LP <em>(entreprise)<\/em><\/li>\n<\/ul>\n<h4>Excellence en mati\u00e8re de culture du lieu de travail<\/h4>\n<p>Ce prix r\u00e9compense les organisations qui cultivent des cultures d\u2019entreprise fortes, solidaires et ax\u00e9es sur les personnes, o\u00f9 la s\u00e9curit\u00e9, l\u2019inclusion, la collaboration et le bien-\u00eatre sont des \u00e9l\u00e9ments fondamentaux.<\/p>\n<p><strong>Finalistes pour les petites et moyennes entreprises\u00a0:<\/strong><\/p>\n<ul>\n<li>Solar YYC Inc.<em> (entreprise)<\/em><\/li>\n<li>Sure Shot Environmental Ltd. <em>(entreprise)<\/em><\/li>\n<li>Fortis Inc. <em>(entreprise)<\/em><\/li>\n<\/ul>\n<p><strong>Finalistes de grandes organisations <em>(parrain\u00e9 par la Commission de l\u2019\u00e9nergie de l\u2019Ontario)\u00a0:<\/em><\/strong><\/p>\n<ul>\n<li>Bureau de l\u2019\u00e9thique, Ontario Power Generation <em>(\u00e9quipe)<\/em><\/li>\n<li>Les instructeur\u00b7rice\u00b7s du programme Step Up et le personnel responsable de la logistique, Hydro One <em>(\u00e9quipe<\/em>)<\/li>\n<\/ul>\n<h3>C\u00e9l\u00e9brez avec nous<\/h3>\n<p>Rejoignez les leaders du secteur canadien de l\u2019\u00e9lectricit\u00e9 \u00e0 Toronto le <strong>19\u00a0f\u00e9vrier 2026<\/strong>, lorsque nous rendrons hommage \u00e0 l\u2019ensemble des finalistes et annoncerons les laur\u00e9at\u00b7e\u00b7s de cette ann\u00e9e.<\/p>\n<p><strong>Les billets sont disponibles d\u00e8s maintenant<\/strong>. R\u00e9servez votre place \u00e0 cet \u00e9v\u00e9nement phare qui c\u00e9l\u00e8bre l\u2019excellence et l\u2019innovation.<\/p>\n<p><strong>Pour en savoir plus et vous inscrire, rendez-vous sur le site\u00a0<\/strong><a href=\"https:\/\/ehrc.ca\/event\/awards-2026\/\"><strong>ehrc.ca\/event\/awards-2026<\/strong><\/a><strong>.<\/strong><\/p>\n<h3>\u00c0 propos de RHIEC<\/h3>\n<p>Ressources humaines, industrie \u00e9lectrique du Canada est l\u2019organisme \u00e0 but non lucratif dont la mission est de veiller \u00e0 ce que le secteur canadien de l\u2019\u00e9lectricit\u00e9 dispose d\u2019une main-d\u2019\u0153uvre ax\u00e9e sur la s\u00e9curit\u00e9, hautement qualifi\u00e9e et inclusive. RHIEC travaille avec des employeur\u00b7euse\u00b7s, la main-d\u2019\u0153uvre, des \u00e9ducateur\u00b7rice\u00b7s et les gouvernements afin de d\u00e9velopper des solutions pour r\u00e9pondre aux d\u00e9fis en mati\u00e8re de main-d\u2019\u0153uvre et promouvoir des possibilit\u00e9s de carri\u00e8re au sein du secteur de l\u2019\u00e9lectricit\u00e9 et des \u00e9nergies renouvelables. Pour en savoir plus, veuillez visiter <a href=\"https:\/\/ehrc.ca\/fr\/\">ehrc.ca<\/a>.<\/p>\n<h3>Personne-ressource pour les m\u00e9dias<\/h3>\n<p><strong>Ryan<\/strong>\u00a0<strong>Baan <\/strong>(il\/lui)<br \/>\nGestionnaire du marketing et des communications<br \/>\nRHIEC<br \/>\n<a href=\"mailto:communications@ehrc.ca\">communications@ehrc.ca<\/a><br \/>\n613\u00a0235-5540, poste 255<\/p>\n","protected":false},"excerpt":{"rendered":"<p>Les finalistes sont reconnu\u00b7e\u00b7s pour leur leadership exceptionnel, leur innovation et leur impact sur la main-d\u2019\u0153uvre du secteur de l\u2019\u00e9lectricit\u00e9 au Canada. 22\u00a0janvier 2026 | Ottawa, ON \u2013 Ressources humaines, [&hellip;]<\/p>\n","protected":false},"author":36,"featured_media":0,"comment_status":"closed","ping_status":"closed","sticky":false,"template":"","format":"standard","meta":{"_acf_changed":false,"_relevanssi_hide_post":"","_relevanssi_hide_content":"","_relevanssi_pin_for_all":"","_relevanssi_pin_keywords":"","_relevanssi_unpin_keywords":"","_relevanssi_related_keywords":"","_relevanssi_related_include_ids":"","_relevanssi_related_exclude_ids":"","_relevanssi_related_no_append":"","_relevanssi_related_not_related":"","_relevanssi_related_posts":"","_relevanssi_noindex_reason":"","footnotes":""},"categories":[314],"tags":[],"audience":[],"topic":[273],"news_year_published":[],"news_type":[257],"class_list":["post-55353","post","type-post","status-publish","format-standard","hentry","category-news-fr","topic-awards-of-excellence-fr","news_type-news-releases-fr"],"acf":[],"yoast_head":"<!-- This site is optimized with the Yoast SEO plugin v27.4 - https:\/\/yoast.com\/product\/yoast-seo-wordpress\/ -->\n<title>Le RHIEC annonce les finalistes des Prix d\u2019excellence - Electricity Human Resources Canada<\/title>\n<meta name=\"description\" content=\"Les finalistes sont reconnu\u00b7e\u00b7s pour leur leadership exceptionnel, leur innovation et leur impact sur la main-d\u2019\u0153uvre du secteur de l\u2019\u00e9lectricit\u00e9 au Canada. 22\u00a0janvier 2026 | Ottawa, ON \u2013 Ressources humaines, [&hellip;]\" \/>\n<meta name=\"robots\" content=\"index, follow, max-snippet:-1, max-image-preview:large, max-video-preview:-1\" \/>\n<link rel=\"canonical\" href=\"https:\/\/ehrc.ca\/fr\/le-rhiec-annonce-les-finalistes-des-prix-dexcellence\/\" \/>\n<meta property=\"og:locale\" content=\"fr_FR\" \/>\n<meta property=\"og:type\" content=\"article\" \/>\n<meta property=\"og:title\" content=\"Le RHIEC annonce les finalistes des Prix d\u2019excellence - Electricity Human Resources Canada\" \/>\n<meta property=\"og:description\" content=\"Les finalistes sont reconnu\u00b7e\u00b7s pour leur leadership exceptionnel, leur innovation et leur impact sur la main-d\u2019\u0153uvre du secteur de l\u2019\u00e9lectricit\u00e9 au Canada. 22\u00a0janvier 2026 | Ottawa, ON \u2013 Ressources humaines, [&hellip;]\" \/>\n<meta property=\"og:url\" content=\"https:\/\/ehrc.ca\/fr\/le-rhiec-annonce-les-finalistes-des-prix-dexcellence\/\" \/>\n<meta property=\"og:site_name\" content=\"Electricity Human Resources Canada\" \/>\n<meta property=\"article:published_time\" content=\"2026-01-22T18:08:11+00:00\" \/>\n<meta property=\"article:modified_time\" content=\"2026-03-02T21:39:16+00:00\" \/>\n<meta name=\"author\" content=\"EHRC\" \/>\n<meta name=\"twitter:card\" content=\"summary_large_image\" \/>\n<meta name=\"twitter:label1\" content=\"\u00c9crit par\" \/>\n\t<meta name=\"twitter:data1\" content=\"EHRC\" \/>\n\t<meta name=\"twitter:label2\" content=\"Dur\u00e9e de lecture estim\u00e9e\" \/>\n\t<meta name=\"twitter:data2\" content=\"3 minutes\" \/>\n<script type=\"application\/ld+json\" class=\"yoast-schema-graph\">{\"@context\":\"https:\\\/\\\/schema.org\",\"@graph\":[{\"@type\":\"Article\",\"@id\":\"https:\\\/\\\/ehrc.ca\\\/fr\\\/le-rhiec-annonce-les-finalistes-des-prix-dexcellence\\\/#article\",\"isPartOf\":{\"@id\":\"https:\\\/\\\/ehrc.ca\\\/fr\\\/le-rhiec-annonce-les-finalistes-des-prix-dexcellence\\\/\"},\"author\":{\"name\":\"EHRC\",\"@id\":\"https:\\\/\\\/ehrc.ca\\\/#\\\/schema\\\/person\\\/c1a5739d593ec7c6448b48e516b4b553\"},\"headline\":\"Le RHIEC annonce les finalistes des Prix d\u2019excellence\",\"datePublished\":\"2026-01-22T18:08:11+00:00\",\"dateModified\":\"2026-03-02T21:39:16+00:00\",\"mainEntityOfPage\":{\"@id\":\"https:\\\/\\\/ehrc.ca\\\/fr\\\/le-rhiec-annonce-les-finalistes-des-prix-dexcellence\\\/\"},\"wordCount\":755,\"articleSection\":[\"News\"],\"inLanguage\":\"fr-FR\"},{\"@type\":\"WebPage\",\"@id\":\"https:\\\/\\\/ehrc.ca\\\/fr\\\/le-rhiec-annonce-les-finalistes-des-prix-dexcellence\\\/\",\"url\":\"https:\\\/\\\/ehrc.ca\\\/fr\\\/le-rhiec-annonce-les-finalistes-des-prix-dexcellence\\\/\",\"name\":\"Le RHIEC annonce les finalistes des Prix d\u2019excellence - Electricity Human Resources Canada\",\"isPartOf\":{\"@id\":\"https:\\\/\\\/ehrc.ca\\\/#website\"},\"datePublished\":\"2026-01-22T18:08:11+00:00\",\"dateModified\":\"2026-03-02T21:39:16+00:00\",\"author\":{\"@id\":\"https:\\\/\\\/ehrc.ca\\\/#\\\/schema\\\/person\\\/c1a5739d593ec7c6448b48e516b4b553\"},\"breadcrumb\":{\"@id\":\"https:\\\/\\\/ehrc.ca\\\/fr\\\/le-rhiec-annonce-les-finalistes-des-prix-dexcellence\\\/#breadcrumb\"},\"inLanguage\":\"fr-FR\",\"potentialAction\":[{\"@type\":\"ReadAction\",\"target\":[\"https:\\\/\\\/ehrc.ca\\\/fr\\\/le-rhiec-annonce-les-finalistes-des-prix-dexcellence\\\/\"]}]},{\"@type\":\"BreadcrumbList\",\"@id\":\"https:\\\/\\\/ehrc.ca\\\/fr\\\/le-rhiec-annonce-les-finalistes-des-prix-dexcellence\\\/#breadcrumb\",\"itemListElement\":[{\"@type\":\"ListItem\",\"position\":1,\"name\":\"Home\",\"item\":\"https:\\\/\\\/ehrc.ca\\\/fr\\\/\"},{\"@type\":\"ListItem\",\"position\":2,\"name\":\"Le RHIEC annonce les finalistes des Prix d\u2019excellence\"}]},{\"@type\":\"WebSite\",\"@id\":\"https:\\\/\\\/ehrc.ca\\\/#website\",\"url\":\"https:\\\/\\\/ehrc.ca\\\/\",\"name\":\"Electricity Human Resources Canada\",\"description\":\"Improving our industry, together.\",\"potentialAction\":[{\"@type\":\"SearchAction\",\"target\":{\"@type\":\"EntryPoint\",\"urlTemplate\":\"https:\\\/\\\/ehrc.ca\\\/?s={search_term_string}\"},\"query-input\":{\"@type\":\"PropertyValueSpecification\",\"valueRequired\":true,\"valueName\":\"search_term_string\"}}],\"inLanguage\":\"fr-FR\"},{\"@type\":\"Person\",\"@id\":\"https:\\\/\\\/ehrc.ca\\\/#\\\/schema\\\/person\\\/c1a5739d593ec7c6448b48e516b4b553\",\"name\":\"EHRC\",\"image\":{\"@type\":\"ImageObject\",\"inLanguage\":\"fr-FR\",\"@id\":\"https:\\\/\\\/secure.gravatar.com\\\/avatar\\\/27d39ec944e0e07632340749b14ce617ceffa292a41557085e7efb8d8a7c78a9?s=96&d=mm&r=g\",\"url\":\"https:\\\/\\\/secure.gravatar.com\\\/avatar\\\/27d39ec944e0e07632340749b14ce617ceffa292a41557085e7efb8d8a7c78a9?s=96&d=mm&r=g\",\"contentUrl\":\"https:\\\/\\\/secure.gravatar.com\\\/avatar\\\/27d39ec944e0e07632340749b14ce617ceffa292a41557085e7efb8d8a7c78a9?s=96&d=mm&r=g\",\"caption\":\"EHRC\"},\"url\":\"https:\\\/\\\/ehrc.ca\\\/fr\\\/author\\\/ehrc\\\/\"}]}<\/script>\n<!-- \/ Yoast SEO plugin. -->","yoast_head_json":{"title":"Le RHIEC annonce les finalistes des Prix d\u2019excellence - Electricity Human Resources Canada","description":"Les finalistes sont reconnu\u00b7e\u00b7s pour leur leadership exceptionnel, leur innovation et leur impact sur la main-d\u2019\u0153uvre du secteur de l\u2019\u00e9lectricit\u00e9 au Canada. 22\u00a0janvier 2026 | Ottawa, ON \u2013 Ressources humaines, [&hellip;]","robots":{"index":"index","follow":"follow","max-snippet":"max-snippet:-1","max-image-preview":"max-image-preview:large","max-video-preview":"max-video-preview:-1"},"canonical":"https:\/\/ehrc.ca\/fr\/le-rhiec-annonce-les-finalistes-des-prix-dexcellence\/","og_locale":"fr_FR","og_type":"article","og_title":"Le RHIEC annonce les finalistes des Prix d\u2019excellence - Electricity Human Resources Canada","og_description":"Les finalistes sont reconnu\u00b7e\u00b7s pour leur leadership exceptionnel, leur innovation et leur impact sur la main-d\u2019\u0153uvre du secteur de l\u2019\u00e9lectricit\u00e9 au Canada. 22\u00a0janvier 2026 | Ottawa, ON \u2013 Ressources humaines, [&hellip;]","og_url":"https:\/\/ehrc.ca\/fr\/le-rhiec-annonce-les-finalistes-des-prix-dexcellence\/","og_site_name":"Electricity Human Resources Canada","article_published_time":"2026-01-22T18:08:11+00:00","article_modified_time":"2026-03-02T21:39:16+00:00","author":"EHRC","twitter_card":"summary_large_image","twitter_misc":{"\u00c9crit par":"EHRC","Dur\u00e9e de lecture estim\u00e9e":"3 minutes"},"schema":{"@context":"https:\/\/schema.org","@graph":[{"@type":"Article","@id":"https:\/\/ehrc.ca\/fr\/le-rhiec-annonce-les-finalistes-des-prix-dexcellence\/#article","isPartOf":{"@id":"https:\/\/ehrc.ca\/fr\/le-rhiec-annonce-les-finalistes-des-prix-dexcellence\/"},"author":{"name":"EHRC","@id":"https:\/\/ehrc.ca\/#\/schema\/person\/c1a5739d593ec7c6448b48e516b4b553"},"headline":"Le RHIEC annonce les finalistes des Prix d\u2019excellence","datePublished":"2026-01-22T18:08:11+00:00","dateModified":"2026-03-02T21:39:16+00:00","mainEntityOfPage":{"@id":"https:\/\/ehrc.ca\/fr\/le-rhiec-annonce-les-finalistes-des-prix-dexcellence\/"},"wordCount":755,"articleSection":["News"],"inLanguage":"fr-FR"},{"@type":"WebPage","@id":"https:\/\/ehrc.ca\/fr\/le-rhiec-annonce-les-finalistes-des-prix-dexcellence\/","url":"https:\/\/ehrc.ca\/fr\/le-rhiec-annonce-les-finalistes-des-prix-dexcellence\/","name":"Le RHIEC annonce les finalistes des Prix d\u2019excellence - Electricity Human Resources Canada","isPartOf":{"@id":"https:\/\/ehrc.ca\/#website"},"datePublished":"2026-01-22T18:08:11+00:00","dateModified":"2026-03-02T21:39:16+00:00","author":{"@id":"https:\/\/ehrc.ca\/#\/schema\/person\/c1a5739d593ec7c6448b48e516b4b553"},"breadcrumb":{"@id":"https:\/\/ehrc.ca\/fr\/le-rhiec-annonce-les-finalistes-des-prix-dexcellence\/#breadcrumb"},"inLanguage":"fr-FR","potentialAction":[{"@type":"ReadAction","target":["https:\/\/ehrc.ca\/fr\/le-rhiec-annonce-les-finalistes-des-prix-dexcellence\/"]}]},{"@type":"BreadcrumbList","@id":"https:\/\/ehrc.ca\/fr\/le-rhiec-annonce-les-finalistes-des-prix-dexcellence\/#breadcrumb","itemListElement":[{"@type":"ListItem","position":1,"name":"Home","item":"https:\/\/ehrc.ca\/fr\/"},{"@type":"ListItem","position":2,"name":"Le RHIEC annonce les finalistes des Prix d\u2019excellence"}]},{"@type":"WebSite","@id":"https:\/\/ehrc.ca\/#website","url":"https:\/\/ehrc.ca\/","name":"Electricity Human Resources Canada","description":"Improving our industry, together.","potentialAction":[{"@type":"SearchAction","target":{"@type":"EntryPoint","urlTemplate":"https:\/\/ehrc.ca\/?s={search_term_string}"},"query-input":{"@type":"PropertyValueSpecification","valueRequired":true,"valueName":"search_term_string"}}],"inLanguage":"fr-FR"},{"@type":"Person","@id":"https:\/\/ehrc.ca\/#\/schema\/person\/c1a5739d593ec7c6448b48e516b4b553","name":"EHRC","image":{"@type":"ImageObject","inLanguage":"fr-FR","@id":"https:\/\/secure.gravatar.com\/avatar\/27d39ec944e0e07632340749b14ce617ceffa292a41557085e7efb8d8a7c78a9?s=96&d=mm&r=g","url":"https:\/\/secure.gravatar.com\/avatar\/27d39ec944e0e07632340749b14ce617ceffa292a41557085e7efb8d8a7c78a9?s=96&d=mm&r=g","contentUrl":"https:\/\/secure.gravatar.com\/avatar\/27d39ec944e0e07632340749b14ce617ceffa292a41557085e7efb8d8a7c78a9?s=96&d=mm&r=g","caption":"EHRC"},"url":"https:\/\/ehrc.ca\/fr\/author\/ehrc\/"}]}},"_links":{"self":[{"href":"https:\/\/ehrc.ca\/fr\/wp-json\/wp\/v2\/posts\/55353","targetHints":{"allow":["GET"]}}],"collection":[{"href":"https:\/\/ehrc.ca\/fr\/wp-json\/wp\/v2\/posts"}],"about":[{"href":"https:\/\/ehrc.ca\/fr\/wp-json\/wp\/v2\/types\/post"}],"author":[{"embeddable":true,"href":"https:\/\/ehrc.ca\/fr\/wp-json\/wp\/v2\/users\/36"}],"replies":[{"embeddable":true,"href":"https:\/\/ehrc.ca\/fr\/wp-json\/wp\/v2\/comments?post=55353"}],"version-history":[{"count":4,"href":"https:\/\/ehrc.ca\/fr\/wp-json\/wp\/v2\/posts\/55353\/revisions"}],"predecessor-version":[{"id":55377,"href":"https:\/\/ehrc.ca\/fr\/wp-json\/wp\/v2\/posts\/55353\/revisions\/55377"}],"wp:attachment":[{"href":"https:\/\/ehrc.ca\/fr\/wp-json\/wp\/v2\/media?parent=55353"}],"wp:term":[{"taxonomy":"category","embeddable":true,"href":"https:\/\/ehrc.ca\/fr\/wp-json\/wp\/v2\/categories?post=55353"},{"taxonomy":"post_tag","embeddable":true,"href":"https:\/\/ehrc.ca\/fr\/wp-json\/wp\/v2\/tags?post=55353"},{"taxonomy":"audience","embeddable":true,"href":"https:\/\/ehrc.ca\/fr\/wp-json\/wp\/v2\/audience?post=55353"},{"taxonomy":"topic","embeddable":true,"href":"https:\/\/ehrc.ca\/fr\/wp-json\/wp\/v2\/topic?post=55353"},{"taxonomy":"news_year_published","embeddable":true,"href":"https:\/\/ehrc.ca\/fr\/wp-json\/wp\/v2\/news_year_published?post=55353"},{"taxonomy":"news_type","embeddable":true,"href":"https:\/\/ehrc.ca\/fr\/wp-json\/wp\/v2\/news_type?post=55353"}],"curies":[{"name":"wp","href":"https:\/\/api.w.org\/{rel}","templated":true}]}}